{"id":3634,"date":"2017-01-25T17:03:54","date_gmt":"2017-01-25T16:03:54","guid":{"rendered":"https:\/\/schlor.org\/?p=3634"},"modified":"2017-01-25T17:03:54","modified_gmt":"2017-01-25T16:03:54","slug":"platzt-die-immobilienblase-demnachst-auch-in-osterreich","status":"publish","type":"post","link":"https:\/\/schlor.org\/en\/platzt-die-immobilienblase-demnachst-auch-in-osterreich\/","title":{"rendered":"Platzt die Immobilienblase demn\u00e4chst auch in \u00d6sterreich?"},"content":{"rendered":"<p>Wenn&#8216; s nach den Chef\u00f6konom*innen der OECD geht dann wird`s bald eng in der Immobilienblase, vor allem in Schweden und in \u00d6sterreich. Ursache ist die ambitionierte \u00dcberbewertung von Miet- und Eigentumswohnungen bei der Vergabe von Krediten (und Hypothekarkrediten) an die (neuen) Immobilienbesitzer*innen.<\/p>\n<p>In folgenden zwei ORF-Berichten k\u00f6nnt ihr leser*innenfreundlich nochmal nachlesen, wie diejenigen das sehen, die hierzulande als Expert*innen wahrgenommen werden.<\/p>\n<p>Haben wir wirklich ein Problem: (ja) siehe <a href=\"http:\/\/orf.at\/stories\/2214846\/2214856\/\" target=\"_blank\">here<\/a><\/p>\n<p>Etwas detaillierter k\u00f6nnt ihr geeignete Beschwichtigungskompetenzen der lokalen Verantwortlichen nachverfolgen: <a href=\"http:\/\/orf.at\/m\/stories\/2373609\/2373625\/\" target=\"_blank\">here<\/a><\/p>\n<p><a href=\"https:\/\/schlor.org\/wp-content\/uploads\/2017\/01\/Property-Bubble.jpeg\"><img fetchpriority=\"high\" decoding=\"async\" class=\"alignnone size-full wp-image-3635\" src=\"https:\/\/schlor.org\/wp-content\/uploads\/2017\/01\/Property-Bubble.jpeg\" alt=\"Property Bubble\" width=\"259\" height=\"194\" \/><\/a><\/p>\n<p>Wie sehen die schloRs die Sache: Wir wollen trotz alledem und vor allem deswegen ein Haus, in dem wir diesem Blasen-Wahnsinn nicht Weiters ausgesetzt sind. Davon erben zwar unsere Enkel sp\u00e4ter mal nix aber es haben wenigstens alle was davon.<\/p>\n<p>Und: An alle Immobilienspekulant*innen: Haut ab &#8211; kaufts Euch H\u00e4user in Aleppo &#8211; Und tuts da was f\u00fcr die Gentrifizierung, wo es wirklich n\u00f6tig ist! Richtiges Investieren lohnt sich! Wenn schon aufwerten, dann richtig!<\/p>","protected":false},"excerpt":{"rendered":"<p>Wenn&#8216; s nach den Chef\u00f6konom*innen der OECD geht dann wird`s bald eng in der Immobilienblase, vor allem in Schweden und in \u00d6sterreich. [&hellip;]<\/p>","protected":false},"author":5,"featured_media":0,"comment_status":"open","ping_status":"open","sticky":false,"template":"","format":"standard","meta":{"footnotes":""},"categories":[1],"tags":[],"class_list":["post-3634","post","type-post","status-publish","format-standard","hentry","category-blog"],"yoast_head":"<!-- This site is optimized with the Yoast SEO plugin v27.5 - https:\/\/yoast.com\/product\/yoast-seo-wordpress\/ -->\n<title>Platzt die Immobilienblase demn\u00e4chst auch in \u00d6sterreich? &#8226; SchloR<\/title>\n<meta name=\"robots\" content=\"index, follow, max-snippet:-1, max-image-preview:large, max-video-preview:-1\" \/>\n<link rel=\"canonical\" href=\"https:\/\/schlor.org\/en\/platzt-die-immobilienblase-demnachst-auch-in-osterreich\/\" \/>\n<meta property=\"og:locale\" content=\"en_US\" \/>\n<meta property=\"og:type\" content=\"article\" \/>\n<meta property=\"og:title\" content=\"Platzt die Immobilienblase demn\u00e4chst auch in \u00d6sterreich? &#8226; SchloR\" \/>\n<meta property=\"og:description\" content=\"Wenn&#8216; s nach den Chef\u00f6konom*innen der OECD geht dann wird`s bald eng in der Immobilienblase, vor allem in Schweden und in \u00d6sterreich. [&hellip;]\" \/>\n<meta property=\"og:url\" content=\"https:\/\/schlor.org\/en\/platzt-die-immobilienblase-demnachst-auch-in-osterreich\/\" \/>\n<meta property=\"og:site_name\" content=\"SchloR\" \/>\n<meta property=\"article:publisher\" content=\"https:\/\/www.facebook.com\/schlor.org\/\" \/>\n<meta property=\"article:published_time\" content=\"2017-01-25T16:03:54+00:00\" \/>\n<meta property=\"og:image\" content=\"https:\/\/schlor.org\/wp-content\/uploads\/2017\/01\/Property-Bubble.jpeg\" \/>\n<meta name=\"author\" content=\"Hille\" \/>\n<meta name=\"twitter:card\" content=\"summary_large_image\" \/>\n<meta name=\"twitter:creator\" content=\"@schlorrr\" \/>\n<meta name=\"twitter:site\" content=\"@schlorrr\" \/>\n<meta name=\"twitter:label1\" content=\"Written by\" \/>\n\t<meta name=\"twitter:data1\" content=\"Hille\" \/>\n\t<meta name=\"twitter:label2\" content=\"Est. reading time\" \/>\n\t<meta name=\"twitter:data2\" content=\"1 minute\" \/>\n<script type=\"application\/ld+json\" class=\"yoast-schema-graph\">{\"@context\":\"https:\\\/\\\/schema.org\",\"@graph\":[{\"@type\":\"Article\",\"@id\":\"https:\\\/\\\/schlor.org\\\/platzt-die-immobilienblase-demnachst-auch-in-osterreich\\\/#article\",\"isPartOf\":{\"@id\":\"https:\\\/\\\/schlor.org\\\/platzt-die-immobilienblase-demnachst-auch-in-osterreich\\\/\"},\"author\":{\"name\":\"Hille\",\"@id\":\"https:\\\/\\\/schlor.org\\\/#\\\/schema\\\/person\\\/5e203398cd3156b363f78a60ac9d7037\"},\"headline\":\"Platzt die Immobilienblase demn\u00e4chst auch in \u00d6sterreich?\",\"datePublished\":\"2017-01-25T16:03:54+00:00\",\"mainEntityOfPage\":{\"@id\":\"https:\\\/\\\/schlor.org\\\/platzt-die-immobilienblase-demnachst-auch-in-osterreich\\\/\"},\"wordCount\":175,\"commentCount\":0,\"publisher\":{\"@id\":\"https:\\\/\\\/schlor.org\\\/#organization\"},\"image\":{\"@id\":\"https:\\\/\\\/schlor.org\\\/platzt-die-immobilienblase-demnachst-auch-in-osterreich\\\/#primaryimage\"},\"thumbnailUrl\":\"http:\\\/\\\/schlor.org\\\/wp-content\\\/uploads\\\/2017\\\/01\\\/Property-Bubble.jpeg\",\"articleSection\":[\"Blog\"],\"inLanguage\":\"en-US\",\"potentialAction\":[{\"@type\":\"CommentAction\",\"name\":\"Comment\",\"target\":[\"https:\\\/\\\/schlor.org\\\/platzt-die-immobilienblase-demnachst-auch-in-osterreich\\\/#respond\"]}]},{\"@type\":\"WebPage\",\"@id\":\"https:\\\/\\\/schlor.org\\\/platzt-die-immobilienblase-demnachst-auch-in-osterreich\\\/\",\"url\":\"https:\\\/\\\/schlor.org\\\/platzt-die-immobilienblase-demnachst-auch-in-osterreich\\\/\",\"name\":\"Platzt die Immobilienblase demn\u00e4chst auch in \u00d6sterreich? &#8226; SchloR\",\"isPartOf\":{\"@id\":\"https:\\\/\\\/schlor.org\\\/#website\"},\"primaryImageOfPage\":{\"@id\":\"https:\\\/\\\/schlor.org\\\/platzt-die-immobilienblase-demnachst-auch-in-osterreich\\\/#primaryimage\"},\"image\":{\"@id\":\"https:\\\/\\\/schlor.org\\\/platzt-die-immobilienblase-demnachst-auch-in-osterreich\\\/#primaryimage\"},\"thumbnailUrl\":\"http:\\\/\\\/schlor.org\\\/wp-content\\\/uploads\\\/2017\\\/01\\\/Property-Bubble.jpeg\",\"datePublished\":\"2017-01-25T16:03:54+00:00\",\"breadcrumb\":{\"@id\":\"https:\\\/\\\/schlor.org\\\/platzt-die-immobilienblase-demnachst-auch-in-osterreich\\\/#breadcrumb\"},\"inLanguage\":\"en-US\",\"potentialAction\":[{\"@type\":\"ReadAction\",\"target\":[\"https:\\\/\\\/schlor.org\\\/platzt-die-immobilienblase-demnachst-auch-in-osterreich\\\/\"]}]},{\"@type\":\"ImageObject\",\"inLanguage\":\"en-US\",\"@id\":\"https:\\\/\\\/schlor.org\\\/platzt-die-immobilienblase-demnachst-auch-in-osterreich\\\/#primaryimage\",\"url\":\"http:\\\/\\\/schlor.org\\\/wp-content\\\/uploads\\\/2017\\\/01\\\/Property-Bubble.jpeg\",\"contentUrl\":\"http:\\\/\\\/schlor.org\\\/wp-content\\\/uploads\\\/2017\\\/01\\\/Property-Bubble.jpeg\"},{\"@type\":\"BreadcrumbList\",\"@id\":\"https:\\\/\\\/schlor.org\\\/platzt-die-immobilienblase-demnachst-auch-in-osterreich\\\/#breadcrumb\",\"itemListElement\":[{\"@type\":\"ListItem\",\"position\":1,\"name\":\"Home\",\"item\":\"https:\\\/\\\/schlor.org\\\/\"},{\"@type\":\"ListItem\",\"position\":2,\"name\":\"Platzt die Immobilienblase demn\u00e4chst auch in \u00d6sterreich?\"}]},{\"@type\":\"WebSite\",\"@id\":\"https:\\\/\\\/schlor.org\\\/#website\",\"url\":\"https:\\\/\\\/schlor.org\\\/\",\"name\":\"SchloR\",\"description\":\"Sch\u00f6ner leben in Wien-Simmering\",\"publisher\":{\"@id\":\"https:\\\/\\\/schlor.org\\\/#organization\"},\"potentialAction\":[{\"@type\":\"SearchAction\",\"target\":{\"@type\":\"EntryPoint\",\"urlTemplate\":\"https:\\\/\\\/schlor.org\\\/?s={search_term_string}\"},\"query-input\":{\"@type\":\"PropertyValueSpecification\",\"valueRequired\":true,\"valueName\":\"search_term_string\"}}],\"inLanguage\":\"en-US\"},{\"@type\":\"Organization\",\"@id\":\"https:\\\/\\\/schlor.org\\\/#organization\",\"name\":\"SchloR\",\"url\":\"https:\\\/\\\/schlor.org\\\/\",\"logo\":{\"@type\":\"ImageObject\",\"inLanguage\":\"en-US\",\"@id\":\"https:\\\/\\\/schlor.org\\\/#\\\/schema\\\/logo\\\/image\\\/\",\"url\":\"https:\\\/\\\/schlor.org\\\/wp-content\\\/uploads\\\/2018\\\/12\\\/SchloRLogo2.png\",\"contentUrl\":\"https:\\\/\\\/schlor.org\\\/wp-content\\\/uploads\\\/2018\\\/12\\\/SchloRLogo2.png\",\"width\":1000,\"height\":996,\"caption\":\"SchloR\"},\"image\":{\"@id\":\"https:\\\/\\\/schlor.org\\\/#\\\/schema\\\/logo\\\/image\\\/\"},\"sameAs\":[\"https:\\\/\\\/www.facebook.com\\\/schlor.org\\\/\",\"https:\\\/\\\/x.com\\\/schlorrr\",\"https:\\\/\\\/www.instagram.com\\\/schlor_\\\/\",\"https:\\\/\\\/www.youtube.com\\\/channel\\\/UCxAyLZ3SwQu7NpYVwt5fMeg\"]},{\"@type\":\"Person\",\"@id\":\"https:\\\/\\\/schlor.org\\\/#\\\/schema\\\/person\\\/5e203398cd3156b363f78a60ac9d7037\",\"name\":\"Hille\",\"image\":{\"@type\":\"ImageObject\",\"inLanguage\":\"en-US\",\"@id\":\"https:\\\/\\\/secure.gravatar.com\\\/avatar\\\/67991a71e7d8f032c561cc6f914ad08b69324dca744267ca72dbe7e29fa22901?s=96&d=mm&r=g\",\"url\":\"https:\\\/\\\/secure.gravatar.com\\\/avatar\\\/67991a71e7d8f032c561cc6f914ad08b69324dca744267ca72dbe7e29fa22901?s=96&d=mm&r=g\",\"contentUrl\":\"https:\\\/\\\/secure.gravatar.com\\\/avatar\\\/67991a71e7d8f032c561cc6f914ad08b69324dca744267ca72dbe7e29fa22901?s=96&d=mm&r=g\",\"caption\":\"Hille\"}}]}<\/script>\n<!-- \/ Yoast SEO plugin. -->","yoast_head_json":{"title":"Platzt die Immobilienblase demn\u00e4chst auch in \u00d6sterreich? &#8226; SchloR","robots":{"index":"index","follow":"follow","max-snippet":"max-snippet:-1","max-image-preview":"max-image-preview:large","max-video-preview":"max-video-preview:-1"},"canonical":"https:\/\/schlor.org\/en\/platzt-die-immobilienblase-demnachst-auch-in-osterreich\/","og_locale":"en_US","og_type":"article","og_title":"Platzt die Immobilienblase demn\u00e4chst auch in \u00d6sterreich? &#8226; SchloR","og_description":"Wenn&#8216; s nach den Chef\u00f6konom*innen der OECD geht dann wird`s bald eng in der Immobilienblase, vor allem in Schweden und in \u00d6sterreich. [&hellip;]","og_url":"https:\/\/schlor.org\/en\/platzt-die-immobilienblase-demnachst-auch-in-osterreich\/","og_site_name":"SchloR","article_publisher":"https:\/\/www.facebook.com\/schlor.org\/","article_published_time":"2017-01-25T16:03:54+00:00","og_image":[{"url":"https:\/\/schlor.org\/wp-content\/uploads\/2017\/01\/Property-Bubble.jpeg","type":"","width":"","height":""}],"author":"Hille","twitter_card":"summary_large_image","twitter_creator":"@schlorrr","twitter_site":"@schlorrr","twitter_misc":{"Written by":"Hille","Est. reading time":"1 minute"},"schema":{"@context":"https:\/\/schema.org","@graph":[{"@type":"Article","@id":"https:\/\/schlor.org\/platzt-die-immobilienblase-demnachst-auch-in-osterreich\/#article","isPartOf":{"@id":"https:\/\/schlor.org\/platzt-die-immobilienblase-demnachst-auch-in-osterreich\/"},"author":{"name":"Hille","@id":"https:\/\/schlor.org\/#\/schema\/person\/5e203398cd3156b363f78a60ac9d7037"},"headline":"Platzt die Immobilienblase demn\u00e4chst auch in \u00d6sterreich?","datePublished":"2017-01-25T16:03:54+00:00","mainEntityOfPage":{"@id":"https:\/\/schlor.org\/platzt-die-immobilienblase-demnachst-auch-in-osterreich\/"},"wordCount":175,"commentCount":0,"publisher":{"@id":"https:\/\/schlor.org\/#organization"},"image":{"@id":"https:\/\/schlor.org\/platzt-die-immobilienblase-demnachst-auch-in-osterreich\/#primaryimage"},"thumbnailUrl":"https:\/\/schlor.org\/wp-content\/uploads\/2017\/01\/Property-Bubble.jpeg","articleSection":["Blog"],"inLanguage":"en-US","potentialAction":[{"@type":"CommentAction","name":"Comment","target":["https:\/\/schlor.org\/platzt-die-immobilienblase-demnachst-auch-in-osterreich\/#respond"]}]},{"@type":"WebPage","@id":"https:\/\/schlor.org\/platzt-die-immobilienblase-demnachst-auch-in-osterreich\/","url":"https:\/\/schlor.org\/platzt-die-immobilienblase-demnachst-auch-in-osterreich\/","name":"Platzt die Immobilienblase demn\u00e4chst auch in \u00d6sterreich? &#8226; SchloR","isPartOf":{"@id":"https:\/\/schlor.org\/#website"},"primaryImageOfPage":{"@id":"https:\/\/schlor.org\/platzt-die-immobilienblase-demnachst-auch-in-osterreich\/#primaryimage"},"image":{"@id":"https:\/\/schlor.org\/platzt-die-immobilienblase-demnachst-auch-in-osterreich\/#primaryimage"},"thumbnailUrl":"https:\/\/schlor.org\/wp-content\/uploads\/2017\/01\/Property-Bubble.jpeg","datePublished":"2017-01-25T16:03:54+00:00","breadcrumb":{"@id":"https:\/\/schlor.org\/platzt-die-immobilienblase-demnachst-auch-in-osterreich\/#breadcrumb"},"inLanguage":"en-US","potentialAction":[{"@type":"ReadAction","target":["https:\/\/schlor.org\/platzt-die-immobilienblase-demnachst-auch-in-osterreich\/"]}]},{"@type":"ImageObject","inLanguage":"en-US","@id":"https:\/\/schlor.org\/platzt-die-immobilienblase-demnachst-auch-in-osterreich\/#primaryimage","url":"https:\/\/schlor.org\/wp-content\/uploads\/2017\/01\/Property-Bubble.jpeg","contentUrl":"https:\/\/schlor.org\/wp-content\/uploads\/2017\/01\/Property-Bubble.jpeg"},{"@type":"BreadcrumbList","@id":"https:\/\/schlor.org\/platzt-die-immobilienblase-demnachst-auch-in-osterreich\/#breadcrumb","itemListElement":[{"@type":"ListItem","position":1,"name":"Home","item":"https:\/\/schlor.org\/"},{"@type":"ListItem","position":2,"name":"Platzt die Immobilienblase demn\u00e4chst auch in \u00d6sterreich?"}]},{"@type":"WebSite","@id":"https:\/\/schlor.org\/#website","url":"https:\/\/schlor.org\/","name":"SchloR","description":"Sch\u00f6ner leben in Wien-Simmering","publisher":{"@id":"https:\/\/schlor.org\/#organization"},"potentialAction":[{"@type":"SearchAction","target":{"@type":"EntryPoint","urlTemplate":"https:\/\/schlor.org\/?s={search_term_string}"},"query-input":{"@type":"PropertyValueSpecification","valueRequired":true,"valueName":"search_term_string"}}],"inLanguage":"en-US"},{"@type":"Organization","@id":"https:\/\/schlor.org\/#organization","name":"SchloR","url":"https:\/\/schlor.org\/","logo":{"@type":"ImageObject","inLanguage":"en-US","@id":"https:\/\/schlor.org\/#\/schema\/logo\/image\/","url":"https:\/\/schlor.org\/wp-content\/uploads\/2018\/12\/SchloRLogo2.png","contentUrl":"https:\/\/schlor.org\/wp-content\/uploads\/2018\/12\/SchloRLogo2.png","width":1000,"height":996,"caption":"SchloR"},"image":{"@id":"https:\/\/schlor.org\/#\/schema\/logo\/image\/"},"sameAs":["https:\/\/www.facebook.com\/schlor.org\/","https:\/\/x.com\/schlorrr","https:\/\/www.instagram.com\/schlor_\/","https:\/\/www.youtube.com\/channel\/UCxAyLZ3SwQu7NpYVwt5fMeg"]},{"@type":"Person","@id":"https:\/\/schlor.org\/#\/schema\/person\/5e203398cd3156b363f78a60ac9d7037","name":"Hille","image":{"@type":"ImageObject","inLanguage":"en-US","@id":"https:\/\/secure.gravatar.com\/avatar\/67991a71e7d8f032c561cc6f914ad08b69324dca744267ca72dbe7e29fa22901?s=96&d=mm&r=g","url":"https:\/\/secure.gravatar.com\/avatar\/67991a71e7d8f032c561cc6f914ad08b69324dca744267ca72dbe7e29fa22901?s=96&d=mm&r=g","contentUrl":"https:\/\/secure.gravatar.com\/avatar\/67991a71e7d8f032c561cc6f914ad08b69324dca744267ca72dbe7e29fa22901?s=96&d=mm&r=g","caption":"Hille"}}]}},"_links":{"self":[{"href":"https:\/\/schlor.org\/en\/wp-json\/wp\/v2\/posts\/3634","targetHints":{"allow":["GET"]}}],"collection":[{"href":"https:\/\/schlor.org\/en\/wp-json\/wp\/v2\/posts"}],"about":[{"href":"https:\/\/schlor.org\/en\/wp-json\/wp\/v2\/types\/post"}],"author":[{"embeddable":true,"href":"https:\/\/schlor.org\/en\/wp-json\/wp\/v2\/users\/5"}],"replies":[{"embeddable":true,"href":"https:\/\/schlor.org\/en\/wp-json\/wp\/v2\/comments?post=3634"}],"version-history":[{"count":1,"href":"https:\/\/schlor.org\/en\/wp-json\/wp\/v2\/posts\/3634\/revisions"}],"predecessor-version":[{"id":3636,"href":"https:\/\/schlor.org\/en\/wp-json\/wp\/v2\/posts\/3634\/revisions\/3636"}],"wp:attachment":[{"href":"https:\/\/schlor.org\/en\/wp-json\/wp\/v2\/media?parent=3634"}],"wp:term":[{"taxonomy":"category","embeddable":true,"href":"https:\/\/schlor.org\/en\/wp-json\/wp\/v2\/categories?post=3634"},{"taxonomy":"post_tag","embeddable":true,"href":"https:\/\/schlor.org\/en\/wp-json\/wp\/v2\/tags?post=3634"}],"curies":[{"name":"wp","href":"https:\/\/api.w.org\/{rel}","templated":true}]}}